{"id":75,"date":"2018-01-12T14:19:00","date_gmt":"2018-01-12T14:19:00","guid":{"rendered":"https:\/\/evadne.fr\/?p=75"},"modified":"2021-01-12T16:02:04","modified_gmt":"2021-01-12T16:02:04","slug":"coups-de-coeur-litteraires-rentree-dhiver-2014","status":"publish","type":"post","link":"https:\/\/www.evadne.fr\/index.php\/2018\/01\/12\/coups-de-coeur-litteraires-rentree-dhiver-2014\/","title":{"rendered":"Coups de c\u0153ur litt\u00e9raires &#8211; Rentr\u00e9e d&#8217;hiver 2014"},"content":{"rendered":"<h3>Coups de c\u0153ur litt\u00e9raires<\/h3>\n<h4>RENTR\u00c9E D&#8217;HIVER 2014<\/h4>\n<p><strong><em>Plus rien que les vagues et le vent<\/em>\u00a0 &#8211;\u00a0 Christine Montalbetti (Editions P.O.L.)<\/strong><\/p>\n<p>Un roman exigeant par son style et par son intrigue.<\/p>\n<p>Un style d\u00e9routant au premier abord\u00a0: des phrases longues, entrecoup\u00e9es de parenth\u00e8ses qui entra\u00eenent le lecteur vers une autre \u00e9poque, une autre histoire, une description ou tout simplement une r\u00e9flexion personnelle.<\/p>\n<p>Une intrigue complexe\u00a0: un narrateur fran\u00e7ais d\u00e9barque dans un bar sur la c\u00f4te pacifique qui n\u2019est que pluie, vent et froid. C\u2019est un personnage \u00e9nigmatique et qui le reste jusqu\u2019\u00e0 la derni\u00e8re page. Dans ce bar il y a le patron et trois hommes, \u00e9tranges eux aussi, dont on apprend des bribes de vie tout au long du roman\u00a0; et puis il y a quelques autres personnages tout aussi inqui\u00e9tants.<\/p>\n<p>Ce roman vous laisse une impression de malaise mais vous prend dans ses filets.<\/p>\n<p>A ne pas lire si vous aimez les contes de f\u00e9es\u00a0!<\/p>\n<p>Extrait p. 232\u00a0:<\/p>\n<p>\u00ab\u00a0Tim, je me dis que je n\u2019en ai peut-\u00eatre pas suffisamment parl\u00e9, mais ce n\u2019est pas vraiment le moment, ce soir-l\u00e0 o\u00f9 tout va changer d\u2019un coup, ce soir qui est le soir o\u00f9 je veux en venir, depuis le d\u00e9but, ce qu\u2019il faut que je raconte et que je repousse, aussi, que j\u2019ai repouss\u00e9 jusque l\u00e0, parce qu\u2019il fallait bien que je vous parle d\u2019eux tous\u00a0\u00bb<\/p>\n<p><strong><em>A l\u2019origine notre p\u00e8re obscur\u00a0 \u00a0&#8211;\u00a0\u00a0<\/em>\u00a0Kaoutar Harchi (Editions Actes Sud)<\/strong><\/p>\n<p>Un roman sur l\u2019enfermement\u00a0:<\/p>\n<p>L\u2019enfermement dans la \u00ab\u00a0Maison des Femmes\u00a0\u00bb d\u2019une femme accus\u00e9e injustement d\u2019avoir trahie l\u2019honneur d\u2019une famille.<\/p>\n<p>L\u2019enfermement d\u2019une enfant qui cherche l\u2019amour de sa m\u00e8re, qui cherche son p\u00e8re.<\/p>\n<p>C\u2019est un roman touchant, poignant, qui nous plonge dans un univers de souffrance, de d\u00e9voration, de compassion. Il faudra beaucoup de force \u00e0 la narratrice pour se construire comme femme\u00a0 et rena\u00eetre \u00e0 la lumi\u00e8re.<\/p>\n<p>Extrait p. 164<\/p>\n<p>\u00ab\u00a0Mais ceux qui auront connu le P\u00e8re et sa fille, dans leur c\u0153ur, sauront la beaut\u00e9. La force. La grandeur de cette sc\u00e8ne d\u2019amour.\u00a0\u00bb<\/p>\n<p><em><strong>Charlotte &#8211; David Foenkinos (Editions Gallimard)<\/strong><\/em><\/p>\n<p>Un roman d\u00e9concertant au premier abord\u00a0: il est \u00e9crit en vers libres. On pense que l\u2019ennui va nous gagner, et non, on est emport\u00e9 par le rythme et on entre dans l\u2019histoire de Charlotte et de sa famille marqu\u00e9e par un destin terrible\u00a0: \u00e0 chaque g\u00e9n\u00e9ration une femme se suicide\u00a0.<\/p>\n<p>Nous sommes \u00e0 Berlin, dans une famille juive, les Nazis prennent peu \u00e0 peu le pouvoir et il est difficile pour la petite Charlotte, puis pour la jeune fille Charlotte de se faire une place. Elle quitte son amour et part en France o\u00f9 elle va composer une \u0153uvre picturale fascinante. Elle est rattrapp\u00e9e par l\u2019Histoire et part vers Drancy\u00a0\u00e0 26 ans.<\/p>\n<p>David Foenkinos est tomb\u00e9 sous le charme de ce personnage et de son \u0153uvre et nous fait partager sa qu\u00eate.<\/p>\n<p><strong><em>Le Royaume\u00a0 &#8211;\u00a0\u00a0<\/em><\/strong><strong>Emmanuel Carr\u00e9re (Editions P.O.L.)<\/strong><\/p>\n<p>Apr\u00e8s les cinquante premi\u00e8res pages d\u2019un livre qui en fait 550, j\u2019ai eu une premi\u00e8re r\u00e9action\u00a0: \u00ab\u00a0 voici un NON-LIVRE\u00a0\u00bb, puis avan\u00e7ant dans ma lecture je me disais, mais un NON-LIVRE, cela ne veut rien dire \u2026 poursuivant encore, j\u2019en \u00e9tais de plus en plus convaincu, j\u2019avais un NON-LIVRE dans les mains et j\u2019ai fini mon livre jusqu\u2019au bout sans fatigue.<\/p>\n<p>Le sujet d\u2019abord, pas modeste, une relecture du Nouveau Testament (Evangiles, Lettres et Actes des Ap\u00f4tres)\u00a0; dans un monde o\u00f9 la culture religieuse a tendance \u00e0 rejoindre la notori\u00e9t\u00e9 de la musique s\u00e9rielle \u2026 on peut se demander qui va lire ce livre.<\/p>\n<p>Mais c\u2019est aussi et peut \u00eatre surtout une autobiographie, une tranche de vie avec toutes les angoisses existentialistes que l\u2019on peut avoir quand on murit un peu, disons 50-60 ans.<\/p>\n<p>Mais c\u2019est aussi un formidable travail savant d\u2019un ex\u00e9g\u00e8te connu du milieu qui d\u00e9poussi\u00e8re de sa gangue de 1500 ans d\u2019ayatollahs chr\u00e9tiens des textes, certes sacr\u00e9s, mais textes quand m\u00eame.<\/p>\n<p>Mais c\u2019est aussi un formidable travail d\u2019historien qui synth\u00e9tise ing\u00e9nieusement beaucoup de recherches et de travaux actuels sur cette p\u00e9riode.<\/p>\n<p>Et on peut dire que ce NON-LIVRE se lit bien, il y a une histoire, il y a u sujet et Dieu sait quel sujet et quelque part une fin\u2026 la fin de Luc\u2026<\/p>\n<p>Il me semble cependant que pour l\u2019appr\u00e9cier vraiment, seule une bonne culture religieuse et\/ou philosophique permet d\u2019appr\u00e9hender le propos sous-jacent au-del\u00e0 de l\u2019\u00e9v\u00e9nementiel d\u00e9crit au cours des pages\u00a0; c\u2019est en cela qu\u2019il reste une ambigu\u00eft\u00e9 entre une bonne \u00e9criture et le d\u00e9roulement d\u2019une tranche de vie qui feront toujours vendre et le c\u00f4t\u00e9 d\u00e9rangeant, d\u00e9structurant d\u2019un message messianique qui reste quelque part , ce qui en fait peut-\u00eatre son int\u00e9r\u00eat.<\/p>\n<p><a href=\"https:\/\/evadne.fr\/wp-admin\/post.php?post=73&amp;action=edit\">Coups de coeur litt\u00e9raires<\/a> d&#8217;hiver 2015.<\/p>\n","protected":false},"excerpt":{"rendered":"<p>Coups de c\u0153ur litt\u00e9raires RENTR\u00c9E D&#8217;HIVER 2014 Plus rien que<span class=\"more-dots\"><a href=\"https:\/\/www.evadne.fr\/index.php\/2018\/01\/12\/coups-de-coeur-litteraires-rentree-dhiver-2014\/\">[ &#8230; ]<\/span><\/a><\/p>\n","protected":false},"author":1,"featured_media":40,"comment_status":"open","ping_status":"closed","sticky":false,"template":"","format":"standard","meta":{"_jetpack_memberships_contains_paid_content":false,"footnotes":"","jetpack_publicize_message":"","jetpack_publicize_feature_enabled":true,"jetpack_social_post_already_shared":false,"jetpack_social_options":{"image_generator_settings":{"template":"highway","default_image_id":0,"font":"","enabled":false},"version":2}},"categories":[5],"tags":[],"class_list":["post-75","post","type-post","status-publish","format-standard","has-post-thumbnail","hentry","category-coups-de-coeur-litteraires"],"yoast_head":"<!-- This site is optimized with the Yoast SEO plugin v27.4 - https:\/\/yoast.com\/product\/yoast-seo-wordpress\/ -->\n<title>Coups de c\u0153ur litt\u00e9raires - Rentr\u00e9e d&#039;hiver 2014 - Evadne<\/title>\n<meta name=\"robots\" content=\"index, follow, max-snippet:-1, max-image-preview:large, max-video-preview:-1\" \/>\n<link rel=\"canonical\" href=\"https:\/\/www.evadne.fr\/index.php\/2018\/01\/12\/coups-de-coeur-litteraires-rentree-dhiver-2014\/\" \/>\n<meta property=\"og:locale\" content=\"fr_FR\" \/>\n<meta property=\"og:type\" content=\"article\" \/>\n<meta property=\"og:title\" content=\"Coups de c\u0153ur litt\u00e9raires - Rentr\u00e9e d&#039;hiver 2014 - Evadne\" \/>\n<meta property=\"og:description\" content=\"Coups de c\u0153ur litt\u00e9raires RENTR\u00c9E D&#8217;HIVER 2014 Plus rien que[ ... ]\" \/>\n<meta property=\"og:url\" content=\"https:\/\/www.evadne.fr\/index.php\/2018\/01\/12\/coups-de-coeur-litteraires-rentree-dhiver-2014\/\" \/>\n<meta property=\"og:site_name\" content=\"Evadne\" \/>\n<meta property=\"article:published_time\" content=\"2018-01-12T14:19:00+00:00\" \/>\n<meta property=\"article:modified_time\" content=\"2021-01-12T16:02:04+00:00\" \/>\n<meta property=\"og:image\" content=\"https:\/\/www.evadne.fr\/wp-content\/uploads\/2017\/12\/library-1668174_1280.jpg\" \/>\n\t<meta property=\"og:image:width\" content=\"1280\" \/>\n\t<meta property=\"og:image:height\" content=\"853\" \/>\n\t<meta property=\"og:image:type\" content=\"image\/jpeg\" \/>\n<meta name=\"author\" content=\"Sophie Philae\" \/>\n<meta name=\"twitter:card\" content=\"summary_large_image\" \/>\n<meta name=\"twitter:label1\" content=\"\u00c9crit par\" \/>\n\t<meta name=\"twitter:data1\" content=\"Sophie Philae\" \/>\n\t<meta name=\"twitter:label2\" content=\"Dur\u00e9e de lecture estim\u00e9e\" \/>\n\t<meta name=\"twitter:data2\" content=\"4 minutes\" \/>\n<script type=\"application\/ld+json\" class=\"yoast-schema-graph\">{\"@context\":\"https:\\\/\\\/schema.org\",\"@graph\":[{\"@type\":\"Article\",\"@id\":\"https:\\\/\\\/www.evadne.fr\\\/index.php\\\/2018\\\/01\\\/12\\\/coups-de-coeur-litteraires-rentree-dhiver-2014\\\/#article\",\"isPartOf\":{\"@id\":\"https:\\\/\\\/www.evadne.fr\\\/index.php\\\/2018\\\/01\\\/12\\\/coups-de-coeur-litteraires-rentree-dhiver-2014\\\/\"},\"author\":{\"name\":\"Sophie Philae\",\"@id\":\"https:\\\/\\\/www.evadne.fr\\\/#\\\/schema\\\/person\\\/2711bd0a592abfa9992063177ae2313b\"},\"headline\":\"Coups de c\u0153ur litt\u00e9raires &#8211; Rentr\u00e9e d&#8217;hiver 2014\",\"datePublished\":\"2018-01-12T14:19:00+00:00\",\"dateModified\":\"2021-01-12T16:02:04+00:00\",\"mainEntityOfPage\":{\"@id\":\"https:\\\/\\\/www.evadne.fr\\\/index.php\\\/2018\\\/01\\\/12\\\/coups-de-coeur-litteraires-rentree-dhiver-2014\\\/\"},\"wordCount\":880,\"commentCount\":0,\"image\":{\"@id\":\"https:\\\/\\\/www.evadne.fr\\\/index.php\\\/2018\\\/01\\\/12\\\/coups-de-coeur-litteraires-rentree-dhiver-2014\\\/#primaryimage\"},\"thumbnailUrl\":\"https:\\\/\\\/www.evadne.fr\\\/wp-content\\\/uploads\\\/2017\\\/12\\\/library-1668174_1280.jpg\",\"articleSection\":[\"Coups de c\u0153ur litt\u00e9raires\"],\"inLanguage\":\"fr-FR\",\"potentialAction\":[{\"@type\":\"CommentAction\",\"name\":\"Comment\",\"target\":[\"https:\\\/\\\/www.evadne.fr\\\/index.php\\\/2018\\\/01\\\/12\\\/coups-de-coeur-litteraires-rentree-dhiver-2014\\\/#respond\"]}]},{\"@type\":\"WebPage\",\"@id\":\"https:\\\/\\\/www.evadne.fr\\\/index.php\\\/2018\\\/01\\\/12\\\/coups-de-coeur-litteraires-rentree-dhiver-2014\\\/\",\"url\":\"https:\\\/\\\/www.evadne.fr\\\/index.php\\\/2018\\\/01\\\/12\\\/coups-de-coeur-litteraires-rentree-dhiver-2014\\\/\",\"name\":\"Coups de c\u0153ur litt\u00e9raires - Rentr\u00e9e d'hiver 2014 - Evadne\",\"isPartOf\":{\"@id\":\"https:\\\/\\\/www.evadne.fr\\\/#website\"},\"primaryImageOfPage\":{\"@id\":\"https:\\\/\\\/www.evadne.fr\\\/index.php\\\/2018\\\/01\\\/12\\\/coups-de-coeur-litteraires-rentree-dhiver-2014\\\/#primaryimage\"},\"image\":{\"@id\":\"https:\\\/\\\/www.evadne.fr\\\/index.php\\\/2018\\\/01\\\/12\\\/coups-de-coeur-litteraires-rentree-dhiver-2014\\\/#primaryimage\"},\"thumbnailUrl\":\"https:\\\/\\\/www.evadne.fr\\\/wp-content\\\/uploads\\\/2017\\\/12\\\/library-1668174_1280.jpg\",\"datePublished\":\"2018-01-12T14:19:00+00:00\",\"dateModified\":\"2021-01-12T16:02:04+00:00\",\"author\":{\"@id\":\"https:\\\/\\\/www.evadne.fr\\\/#\\\/schema\\\/person\\\/2711bd0a592abfa9992063177ae2313b\"},\"breadcrumb\":{\"@id\":\"https:\\\/\\\/www.evadne.fr\\\/index.php\\\/2018\\\/01\\\/12\\\/coups-de-coeur-litteraires-rentree-dhiver-2014\\\/#breadcrumb\"},\"inLanguage\":\"fr-FR\",\"potentialAction\":[{\"@type\":\"ReadAction\",\"target\":[\"https:\\\/\\\/www.evadne.fr\\\/index.php\\\/2018\\\/01\\\/12\\\/coups-de-coeur-litteraires-rentree-dhiver-2014\\\/\"]}]},{\"@type\":\"ImageObject\",\"inLanguage\":\"fr-FR\",\"@id\":\"https:\\\/\\\/www.evadne.fr\\\/index.php\\\/2018\\\/01\\\/12\\\/coups-de-coeur-litteraires-rentree-dhiver-2014\\\/#primaryimage\",\"url\":\"https:\\\/\\\/www.evadne.fr\\\/wp-content\\\/uploads\\\/2017\\\/12\\\/library-1668174_1280.jpg\",\"contentUrl\":\"https:\\\/\\\/www.evadne.fr\\\/wp-content\\\/uploads\\\/2017\\\/12\\\/library-1668174_1280.jpg\",\"width\":1280,\"height\":853},{\"@type\":\"BreadcrumbList\",\"@id\":\"https:\\\/\\\/www.evadne.fr\\\/index.php\\\/2018\\\/01\\\/12\\\/coups-de-coeur-litteraires-rentree-dhiver-2014\\\/#breadcrumb\",\"itemListElement\":[{\"@type\":\"ListItem\",\"position\":1,\"name\":\"Home\",\"item\":\"https:\\\/\\\/www.evadne.fr\\\/\"},{\"@type\":\"ListItem\",\"position\":2,\"name\":\"Coups de c\u0153ur litt\u00e9raires &#8211; Rentr\u00e9e d&#8217;hiver 2014\"}]},{\"@type\":\"WebSite\",\"@id\":\"https:\\\/\\\/www.evadne.fr\\\/#website\",\"url\":\"https:\\\/\\\/www.evadne.fr\\\/\",\"name\":\"Evadne\",\"description\":\"Le plaisir de lire\",\"potentialAction\":[{\"@type\":\"SearchAction\",\"target\":{\"@type\":\"EntryPoint\",\"urlTemplate\":\"https:\\\/\\\/www.evadne.fr\\\/?s={search_term_string}\"},\"query-input\":{\"@type\":\"PropertyValueSpecification\",\"valueRequired\":true,\"valueName\":\"search_term_string\"}}],\"inLanguage\":\"fr-FR\"},{\"@type\":\"Person\",\"@id\":\"https:\\\/\\\/www.evadne.fr\\\/#\\\/schema\\\/person\\\/2711bd0a592abfa9992063177ae2313b\",\"name\":\"Sophie Philae\",\"image\":{\"@type\":\"ImageObject\",\"inLanguage\":\"fr-FR\",\"@id\":\"https:\\\/\\\/secure.gravatar.com\\\/avatar\\\/3130cf3f4419732c57ae57defc851bb428347383818ed469060527c72db27a7f?s=96&d=mm&r=g\",\"url\":\"https:\\\/\\\/secure.gravatar.com\\\/avatar\\\/3130cf3f4419732c57ae57defc851bb428347383818ed469060527c72db27a7f?s=96&d=mm&r=g\",\"contentUrl\":\"https:\\\/\\\/secure.gravatar.com\\\/avatar\\\/3130cf3f4419732c57ae57defc851bb428347383818ed469060527c72db27a7f?s=96&d=mm&r=g\",\"caption\":\"Sophie Philae\"},\"url\":\"https:\\\/\\\/www.evadne.fr\\\/index.php\\\/author\\\/seo\\\/\"}]}<\/script>\n<!-- \/ Yoast SEO plugin. -->","yoast_head_json":{"title":"Coups de c\u0153ur litt\u00e9raires - Rentr\u00e9e d'hiver 2014 - Evadne","robots":{"index":"index","follow":"follow","max-snippet":"max-snippet:-1","max-image-preview":"max-image-preview:large","max-video-preview":"max-video-preview:-1"},"canonical":"https:\/\/www.evadne.fr\/index.php\/2018\/01\/12\/coups-de-coeur-litteraires-rentree-dhiver-2014\/","og_locale":"fr_FR","og_type":"article","og_title":"Coups de c\u0153ur litt\u00e9raires - Rentr\u00e9e d'hiver 2014 - Evadne","og_description":"Coups de c\u0153ur litt\u00e9raires RENTR\u00c9E D&#8217;HIVER 2014 Plus rien que[ ... ]","og_url":"https:\/\/www.evadne.fr\/index.php\/2018\/01\/12\/coups-de-coeur-litteraires-rentree-dhiver-2014\/","og_site_name":"Evadne","article_published_time":"2018-01-12T14:19:00+00:00","article_modified_time":"2021-01-12T16:02:04+00:00","og_image":[{"width":1280,"height":853,"url":"https:\/\/www.evadne.fr\/wp-content\/uploads\/2017\/12\/library-1668174_1280.jpg","type":"image\/jpeg"}],"author":"Sophie Philae","twitter_card":"summary_large_image","twitter_misc":{"\u00c9crit par":"Sophie Philae","Dur\u00e9e de lecture estim\u00e9e":"4 minutes"},"schema":{"@context":"https:\/\/schema.org","@graph":[{"@type":"Article","@id":"https:\/\/www.evadne.fr\/index.php\/2018\/01\/12\/coups-de-coeur-litteraires-rentree-dhiver-2014\/#article","isPartOf":{"@id":"https:\/\/www.evadne.fr\/index.php\/2018\/01\/12\/coups-de-coeur-litteraires-rentree-dhiver-2014\/"},"author":{"name":"Sophie Philae","@id":"https:\/\/www.evadne.fr\/#\/schema\/person\/2711bd0a592abfa9992063177ae2313b"},"headline":"Coups de c\u0153ur litt\u00e9raires &#8211; Rentr\u00e9e d&#8217;hiver 2014","datePublished":"2018-01-12T14:19:00+00:00","dateModified":"2021-01-12T16:02:04+00:00","mainEntityOfPage":{"@id":"https:\/\/www.evadne.fr\/index.php\/2018\/01\/12\/coups-de-coeur-litteraires-rentree-dhiver-2014\/"},"wordCount":880,"commentCount":0,"image":{"@id":"https:\/\/www.evadne.fr\/index.php\/2018\/01\/12\/coups-de-coeur-litteraires-rentree-dhiver-2014\/#primaryimage"},"thumbnailUrl":"https:\/\/www.evadne.fr\/wp-content\/uploads\/2017\/12\/library-1668174_1280.jpg","articleSection":["Coups de c\u0153ur litt\u00e9raires"],"inLanguage":"fr-FR","potentialAction":[{"@type":"CommentAction","name":"Comment","target":["https:\/\/www.evadne.fr\/index.php\/2018\/01\/12\/coups-de-coeur-litteraires-rentree-dhiver-2014\/#respond"]}]},{"@type":"WebPage","@id":"https:\/\/www.evadne.fr\/index.php\/2018\/01\/12\/coups-de-coeur-litteraires-rentree-dhiver-2014\/","url":"https:\/\/www.evadne.fr\/index.php\/2018\/01\/12\/coups-de-coeur-litteraires-rentree-dhiver-2014\/","name":"Coups de c\u0153ur litt\u00e9raires - Rentr\u00e9e d'hiver 2014 - Evadne","isPartOf":{"@id":"https:\/\/www.evadne.fr\/#website"},"primaryImageOfPage":{"@id":"https:\/\/www.evadne.fr\/index.php\/2018\/01\/12\/coups-de-coeur-litteraires-rentree-dhiver-2014\/#primaryimage"},"image":{"@id":"https:\/\/www.evadne.fr\/index.php\/2018\/01\/12\/coups-de-coeur-litteraires-rentree-dhiver-2014\/#primaryimage"},"thumbnailUrl":"https:\/\/www.evadne.fr\/wp-content\/uploads\/2017\/12\/library-1668174_1280.jpg","datePublished":"2018-01-12T14:19:00+00:00","dateModified":"2021-01-12T16:02:04+00:00","author":{"@id":"https:\/\/www.evadne.fr\/#\/schema\/person\/2711bd0a592abfa9992063177ae2313b"},"breadcrumb":{"@id":"https:\/\/www.evadne.fr\/index.php\/2018\/01\/12\/coups-de-coeur-litteraires-rentree-dhiver-2014\/#breadcrumb"},"inLanguage":"fr-FR","potentialAction":[{"@type":"ReadAction","target":["https:\/\/www.evadne.fr\/index.php\/2018\/01\/12\/coups-de-coeur-litteraires-rentree-dhiver-2014\/"]}]},{"@type":"ImageObject","inLanguage":"fr-FR","@id":"https:\/\/www.evadne.fr\/index.php\/2018\/01\/12\/coups-de-coeur-litteraires-rentree-dhiver-2014\/#primaryimage","url":"https:\/\/www.evadne.fr\/wp-content\/uploads\/2017\/12\/library-1668174_1280.jpg","contentUrl":"https:\/\/www.evadne.fr\/wp-content\/uploads\/2017\/12\/library-1668174_1280.jpg","width":1280,"height":853},{"@type":"BreadcrumbList","@id":"https:\/\/www.evadne.fr\/index.php\/2018\/01\/12\/coups-de-coeur-litteraires-rentree-dhiver-2014\/#breadcrumb","itemListElement":[{"@type":"ListItem","position":1,"name":"Home","item":"https:\/\/www.evadne.fr\/"},{"@type":"ListItem","position":2,"name":"Coups de c\u0153ur litt\u00e9raires &#8211; Rentr\u00e9e d&#8217;hiver 2014"}]},{"@type":"WebSite","@id":"https:\/\/www.evadne.fr\/#website","url":"https:\/\/www.evadne.fr\/","name":"Evadne","description":"Le plaisir de lire","potentialAction":[{"@type":"SearchAction","target":{"@type":"EntryPoint","urlTemplate":"https:\/\/www.evadne.fr\/?s={search_term_string}"},"query-input":{"@type":"PropertyValueSpecification","valueRequired":true,"valueName":"search_term_string"}}],"inLanguage":"fr-FR"},{"@type":"Person","@id":"https:\/\/www.evadne.fr\/#\/schema\/person\/2711bd0a592abfa9992063177ae2313b","name":"Sophie Philae","image":{"@type":"ImageObject","inLanguage":"fr-FR","@id":"https:\/\/secure.gravatar.com\/avatar\/3130cf3f4419732c57ae57defc851bb428347383818ed469060527c72db27a7f?s=96&d=mm&r=g","url":"https:\/\/secure.gravatar.com\/avatar\/3130cf3f4419732c57ae57defc851bb428347383818ed469060527c72db27a7f?s=96&d=mm&r=g","contentUrl":"https:\/\/secure.gravatar.com\/avatar\/3130cf3f4419732c57ae57defc851bb428347383818ed469060527c72db27a7f?s=96&d=mm&r=g","caption":"Sophie Philae"},"url":"https:\/\/www.evadne.fr\/index.php\/author\/seo\/"}]}},"jetpack_publicize_connections":[],"jetpack_featured_media_url":"https:\/\/www.evadne.fr\/wp-content\/uploads\/2017\/12\/library-1668174_1280.jpg","jetpack_sharing_enabled":true,"_links":{"self":[{"href":"https:\/\/www.evadne.fr\/index.php\/wp-json\/wp\/v2\/posts\/75","targetHints":{"allow":["GET"]}}],"collection":[{"href":"https:\/\/www.evadne.fr\/index.php\/wp-json\/wp\/v2\/posts"}],"about":[{"href":"https:\/\/www.evadne.fr\/index.php\/wp-json\/wp\/v2\/types\/post"}],"author":[{"embeddable":true,"href":"https:\/\/www.evadne.fr\/index.php\/wp-json\/wp\/v2\/users\/1"}],"replies":[{"embeddable":true,"href":"https:\/\/www.evadne.fr\/index.php\/wp-json\/wp\/v2\/comments?post=75"}],"version-history":[{"count":0,"href":"https:\/\/www.evadne.fr\/index.php\/wp-json\/wp\/v2\/posts\/75\/revisions"}],"wp:featuredmedia":[{"embeddable":true,"href":"https:\/\/www.evadne.fr\/index.php\/wp-json\/wp\/v2\/media\/40"}],"wp:attachment":[{"href":"https:\/\/www.evadne.fr\/index.php\/wp-json\/wp\/v2\/media?parent=75"}],"wp:term":[{"taxonomy":"category","embeddable":true,"href":"https:\/\/www.evadne.fr\/index.php\/wp-json\/wp\/v2\/categories?post=75"},{"taxonomy":"post_tag","embeddable":true,"href":"https:\/\/www.evadne.fr\/index.php\/wp-json\/wp\/v2\/tags?post=75"}],"curies":[{"name":"wp","href":"https:\/\/api.w.org\/{rel}","templated":true}]}}