{"id":202,"date":"2022-10-26T18:07:08","date_gmt":"2022-10-26T18:07:08","guid":{"rendered":"https:\/\/evadne.fr\/?p=202"},"modified":"2022-10-26T18:07:12","modified_gmt":"2022-10-26T18:07:12","slug":"yassine-yakouti-qui-se-soucie-du-droit-des-personnes-detenues","status":"publish","type":"post","link":"https:\/\/www.evadne.fr\/index.php\/2022\/10\/26\/yassine-yakouti-qui-se-soucie-du-droit-des-personnes-detenues\/","title":{"rendered":"Yassine Yakouti : &#8220;Qui se soucie du droit des personnes d\u00e9tenues ?&#8221;"},"content":{"rendered":"\n<p>Le droit des personnes d\u00e9tenues. Ces mots n\u2019\u00e9voquent pas grand-chose pour la majorit\u00e9 des gens. Droit m\u00e9connu ou presque \u00e9nervant pour certains, il est n\u00e9anmoins une composante essentielle du droit judiciaire. Pour Yassine Yakouti, il se doit de \u00ab d\u00e9fendre de la m\u00eame mani\u00e8re n\u2019importe qui \u00bb. Faisons ici le portrait de ce brillant avocat parti de rien pour arriver au Conseil de l\u2019Ordre des avocats de la Cour de Paris. Toutefois, avant de rentrer dans les d\u00e9tails de la vie de Ma\u00eetre Yassine Yakouti, \u00e9claircissons la notion de droit des personnes d\u00e9tenues.<\/p>\n\n\n\n<h2 class=\"wp-block-heading\">Yassine Yakouti : <strong>Histoire du droit des d\u00e9tenus<\/strong><\/h2>\n\n\n\n<p>Pour rappel, avant la D\u00e9claration universelle des droits de l\u2019homme, la privation de libert\u00e9 ne constituait pas une peine en soit. Il a fallu attendre le milieu du XXe si\u00e8cle pour que naissent les premiers \u00e9l\u00e9ments du droit des personnes d\u00e9tenues via une conception plus moderne de la prison. Celle-ci devient le lieu qui permet la r\u00e9insertion dans la soci\u00e9t\u00e9 des condamn\u00e9s. Pour ce faire, on institue une politique d\u2019humanisation des conditions de d\u00e9tention et le d\u00e9tenu commence \u00e0 poss\u00e9der un statut juridique. Il va progressivement obtenir plusieurs droits fondamentaux pr\u00e9vus par les textes internationaux et nationaux.<br>N\u00e9anmoins, on a beau reconna\u00eetre que les d\u00e9tenus ont des droits, ce n\u2019est pas pour autant que ceux-ci sont respect\u00e9s. Leur effectivit\u00e9 est parfois, voire souvent en d\u00e9calage avec leur reconnaissance.<br>Il suffit de voir les jurisprudences o\u00f9 la France (et d\u2019autres pays) est condamn\u00e9e pour le non-respect de ces droits. On peut citer notamment l\u2019arr\u00eat de principe \u00ab <a href=\"https:\/\/actu.dalloz-etudiant.fr\/a-la-une\/article\/jmb-et-autres-contre-france-surpopulation-carcerale-et-absence-de-recours-effectif\/h\/350a4447ef676770ecd5e929346074b8.html\">J.M.B. et autres c. France<\/a> \u00bb o\u00f9 la Cour a soulign\u00e9 la n\u00e9cessit\u00e9 et l\u2019urgence d\u2019am\u00e9liorer les conditions de d\u00e9tention.<\/p>\n\n\n\n<h3 class=\"wp-block-heading\"><strong>Que repr\u00e9sente exactement le droit des d\u00e9tenus pour Yassine Yakouti ?<\/strong><\/h3>\n\n\n\n<p>Les cinq principaux droits dont b\u00e9n\u00e9ficient aujourd&#8217;hui les d\u00e9tenus sont les suivants :<br>&#8211; Les droits <a href=\"https:\/\/evadne.fr\/index.php\/2021\/01\/12\/epiz-des-histoires-pour-enfants-envoyees-par-lettres\/\">familiaux<\/a> des d\u00e9tenus (droit de se marier, de sortir, de recevoir des visites, \u2026) ;<br>&#8211; Le droit \u00e0 la sant\u00e9 des d\u00e9tenus (chaque prison doit poss\u00e9der une unit\u00e9 sanitaire et le d\u00e9tenu doit avoir un acc\u00e8s sans probl\u00e8me aux soins) ;<br>&#8211; La libert\u00e9 religieuse en prison (libre exercice du culte) ;<br>&#8211; Le droit de vote des d\u00e9tenus (instauration du droit de vote par correspondance en 2019 dans le but d\u2019augmenter le taux de participation) ;<br>&#8211; Droit au respect de la dignit\u00e9 en d\u00e9tention (garantit \u00e0 tous les d\u00e9tenus d\u2019un recours devant le juge judiciaire en cas de conditions indignes de d\u00e9tention).<\/p>\n\n\n\n<h4 class=\"wp-block-heading\">Yassine Yakouti : <strong>L\u2019importance du droit des d\u00e9tenus ?<\/strong><\/h4>\n\n\n\n<p>Au final, on pourrait se demander en quoi est-ce essentiel que des personnes qui aient enfreint la loi puissent avoir des droits ?<br>Nous vivons dans une soci\u00e9t\u00e9 tourn\u00e9e vers l\u2019humanisme et la reconnaissance de ces droits des d\u00e9tenus ne permettrait finalement que leur r\u00e9insertion au sein de la soci\u00e9t\u00e9 en tant qu\u2019\u00eatres humains. La prison est certes une punition mais \u00e0 travers celle-ci, l\u2019objectif sous-jacent est que les d\u00e9tenus puissent en sortir et se r\u00e9habiliter dans la soci\u00e9t\u00e9 avec plus ou moins de facilit\u00e9. Comment pourrait-on esp\u00e9rer remettre un individu du jour au lendemain dans la soci\u00e9t\u00e9 avec un travail \u00e0 effectuer, des relations sociales \u00e0 construire si ses droits n\u2019ont jamais \u00e9t\u00e9 respect\u00e9s en prison ?<\/p>\n\n\n\n<h2 class=\"wp-block-heading\"><strong>Ma\u00eetre Yassine Yakouti et le droit de d\u00e9fense des d\u00e9tenus<\/strong><\/h2>\n\n\n\n<p>S\u2019il existe bien une personne qui n\u2019est pas indiff\u00e9rente au droit des prisonniers, c\u2019est bien Ma\u00eetre Yassine Yakouti.<br>Comme dit au d\u00e9but de cet article, Ma\u00eetre Yassine Yakouti est un avocat issu d\u2019un milieu ouvrier. Il fait de ses diff\u00e9rences sa force qui lui a permis de gravir les \u00e9chelons et de r\u00e9ussir tout ce qu\u2019il a entrepris. L\u2019humain est au c\u0153ur de sa vie professionnelle et personnelle, il aime discuter avec les gens, peu importe leur origine ou leur milieu. L\u2019altruisme est la notion \u00e0 laquelle il s\u2019accroche.<br>Travailleur est un adjectif qui colle parfaitement \u00e0 Ma\u00eetre Yassine Yakouti. Afin de financer ses \u00e9tudes, il prend un travail de chauffeur-livreur en parall\u00e8le. Il r\u00e9ussit \u00e0 obtenir un master de droit \u00e0 Paris avec sp\u00e9cialisation en droit des affaires. Il effectue d\u2019ailleurs de nombreux s\u00e9jours aux \u00c9tats-Unis dans le but de travailler dans le droit des affaires mais le \u00ab milieu de rapace \u00bb dans lequel il \u00e9volue ne lui convient pas. Il ne se voit pas faire \u00e7a toute sa vie et s\u2019oriente alors vers le droit p\u00e9nal.<br>Cela ne fut pas une transition facile car passer du droit des affaires au droit p\u00e9nal est peu courant voire \u00e9tonnant. En effet, Ma\u00eetre Yassine Yakouti avait d\u00e9j\u00e0 fait ses preuves en tant que sp\u00e9cialiste des fusions-acquisitions.<\/p>\n\n\n\n<p><strong>Yassine Yakouti, d&#8217;abord tent\u00e9 par le droit des affaires<\/strong><br>Sur ses premiers 400 CV envoy\u00e9s, aucune r\u00e9ponse positive ne lui parvient (<a href=\"https:\/\/waza-tech.com\/yassine-yakouti-un-debut-de-parcours-sur-les-tambours-battants\/\">comme Yassine Yakouti le raconte ici<\/a>). Mais suite \u00e0 un concours, il parvient \u00e0 rentrer dans un petit cabinet ou plut\u00f4t une petite structure en terme du nombre de personnes selon ses dires car il trouve que le terme \u00ab petit cabinet \u00bb est assez p\u00e9joratif en soit.<br>Par la suite, \u00e0 travers des conf\u00e9rences, Ma\u00eetre Yassine Yakouti parvient \u00e0 tisser des contacts qui lui permettent de montrer sa juste valeur et de plaider dans des affaires de plus en plus importantes. Jusqu\u2019en 2011, o\u00f9 s\u00fbr de lui-m\u00eame, il fonde son cabinet personnel.<br>Au fur et \u00e0 mesure, il va d\u00e9fendre des clients de plus en plus c\u00e9l\u00e8bres ou s\u2019occuper d\u2019affaires \u00e0 l\u2019importance croissante. On peut citer la d\u00e9fense du rappeur Kaaris apr\u00e8s son altercation avec Booba \u00e0 Orly. Une autre affaire fortement m\u00e9diatis\u00e9e dont il a eu la charge \u00e9tait la d\u00e9fense des employ\u00e9s d\u2019Ikea espionn\u00e9s par leurs dirigeants.<br>Arrive en janvier 2020 la cons\u00e9cration pour Ma\u00eetre Yassine Yakouti : son \u00e9lection au Conseil de l\u2019Ordre des avocats de la Cour de Paris. Il a pour mission d\u2019apporter jeunesse et dynamisme \u00e0 l\u2019institution.<br>Sa mont\u00e9e dans la hi\u00e9rarchie de la soci\u00e9t\u00e9 ne lui a pas fait oublier ses racines. Il est toujours aussi altruiste que lorsqu\u2019il \u00e9tait petit et qu\u2019il voyait en Jacques Verg\u00e8s un mod\u00e8le. Celui-ci a d\u2019ailleurs inspir\u00e9 Ma\u00eetre Yassine Yakouti dans les diff\u00e9rentes \u00e9tapes de sa carri\u00e8re et comme lui, il d\u00e9clame que \u00ab ce n\u2019est pas parce qu\u2019on d\u00e9fend des criminels qu\u2019on d\u00e9fend les crimes qu\u2019ils ont commis \u00bb.<\/p>\n\n\n\n<p>Pour en savoir plus sur <strong>Yassine Yakouti<\/strong> : <a href=\"https:\/\/www.ptitblog.net\/yassine-yakouti-lavocat-quon-nattendait-pas\/\">https:\/\/www.ptitblog.net\/yassine-yakouti-lavocat-quon-nattendait-pas\/<\/a><\/p>\n","protected":false},"excerpt":{"rendered":"<p>Yassine Yakouti dans les diff\u00e9rentes \u00e9tapes de sa carri\u00e8re et comme lui, il d\u00e9clame que \u00ab ce n\u2019est pas parce qu\u2019on d\u00e9fend des criminels qu\u2019on d\u00e9fend les crimes qu\u2019ils ont commis \u00bb.<\/p>\n","protected":false},"author":1,"featured_media":203,"comment_status":"open","ping_status":"closed","sticky":false,"template":"","format":"standard","meta":{"_jetpack_memberships_contains_paid_content":false,"footnotes":"","jetpack_publicize_message":"","jetpack_publicize_feature_enabled":true,"jetpack_social_post_already_shared":true,"jetpack_social_options":{"image_generator_settings":{"template":"highway","default_image_id":0,"font":"","enabled":false},"version":2}},"categories":[20,21],"tags":[18,19],"class_list":["post-202","post","type-post","status-publish","format-standard","has-post-thumbnail","hentry","category-droit","category-justice","tag-droit","tag-yassine-yakouti"],"yoast_head":"<!-- This site is optimized with the Yoast SEO plugin v27.5 - https:\/\/yoast.com\/product\/yoast-seo-wordpress\/ -->\n<title>Yassine Yakouti : &quot;Qui se soucie du droit des personnes d\u00e9tenues ?&quot; - Evadne<\/title>\n<meta name=\"description\" content=\"Pour Yassine Yakouti, le droit des personnes d\u00e9tenues se doit de \u00ab d\u00e9fendre de la m\u00eame mani\u00e8re n\u2019importe qui \u00bb.\" \/>\n<meta name=\"robots\" content=\"index, follow, max-snippet:-1, max-image-preview:large, max-video-preview:-1\" \/>\n<link rel=\"canonical\" href=\"https:\/\/www.evadne.fr\/index.php\/2022\/10\/26\/yassine-yakouti-qui-se-soucie-du-droit-des-personnes-detenues\/\" \/>\n<meta property=\"og:locale\" content=\"fr_FR\" \/>\n<meta property=\"og:type\" content=\"article\" \/>\n<meta property=\"og:title\" content=\"Yassine Yakouti : &quot;Qui se soucie du droit des personnes d\u00e9tenues ?&quot; - Evadne\" \/>\n<meta property=\"og:description\" content=\"Pour Yassine Yakouti, le droit des personnes d\u00e9tenues se doit de \u00ab d\u00e9fendre de la m\u00eame mani\u00e8re n\u2019importe qui \u00bb.\" \/>\n<meta property=\"og:url\" content=\"https:\/\/www.evadne.fr\/index.php\/2022\/10\/26\/yassine-yakouti-qui-se-soucie-du-droit-des-personnes-detenues\/\" \/>\n<meta property=\"og:site_name\" content=\"Evadne\" \/>\n<meta property=\"article:published_time\" content=\"2022-10-26T18:07:08+00:00\" \/>\n<meta property=\"article:modified_time\" content=\"2022-10-26T18:07:12+00:00\" \/>\n<meta property=\"og:image\" content=\"https:\/\/www.evadne.fr\/wp-content\/uploads\/2022\/10\/Yassine-Yakouti-nb.jpg\" \/>\n\t<meta property=\"og:image:width\" content=\"400\" \/>\n\t<meta property=\"og:image:height\" content=\"400\" \/>\n\t<meta property=\"og:image:type\" content=\"image\/jpeg\" \/>\n<meta name=\"author\" content=\"Sophie Philae\" \/>\n<meta name=\"twitter:card\" content=\"summary_large_image\" \/>\n<meta name=\"twitter:label1\" content=\"\u00c9crit par\" \/>\n\t<meta name=\"twitter:data1\" content=\"Sophie Philae\" \/>\n\t<meta name=\"twitter:label2\" content=\"Dur\u00e9e de lecture estim\u00e9e\" \/>\n\t<meta name=\"twitter:data2\" content=\"6 minutes\" \/>\n<script type=\"application\/ld+json\" class=\"yoast-schema-graph\">{\"@context\":\"https:\\\/\\\/schema.org\",\"@graph\":[{\"@type\":\"Article\",\"@id\":\"https:\\\/\\\/www.evadne.fr\\\/index.php\\\/2022\\\/10\\\/26\\\/yassine-yakouti-qui-se-soucie-du-droit-des-personnes-detenues\\\/#article\",\"isPartOf\":{\"@id\":\"https:\\\/\\\/www.evadne.fr\\\/index.php\\\/2022\\\/10\\\/26\\\/yassine-yakouti-qui-se-soucie-du-droit-des-personnes-detenues\\\/\"},\"author\":{\"name\":\"Sophie Philae\",\"@id\":\"https:\\\/\\\/www.evadne.fr\\\/#\\\/schema\\\/person\\\/2711bd0a592abfa9992063177ae2313b\"},\"headline\":\"Yassine Yakouti : &#8220;Qui se soucie du droit des personnes d\u00e9tenues ?&#8221;\",\"datePublished\":\"2022-10-26T18:07:08+00:00\",\"dateModified\":\"2022-10-26T18:07:12+00:00\",\"mainEntityOfPage\":{\"@id\":\"https:\\\/\\\/www.evadne.fr\\\/index.php\\\/2022\\\/10\\\/26\\\/yassine-yakouti-qui-se-soucie-du-droit-des-personnes-detenues\\\/\"},\"wordCount\":1170,\"commentCount\":0,\"image\":{\"@id\":\"https:\\\/\\\/www.evadne.fr\\\/index.php\\\/2022\\\/10\\\/26\\\/yassine-yakouti-qui-se-soucie-du-droit-des-personnes-detenues\\\/#primaryimage\"},\"thumbnailUrl\":\"https:\\\/\\\/www.evadne.fr\\\/wp-content\\\/uploads\\\/2022\\\/10\\\/Yassine-Yakouti-nb.jpg\",\"keywords\":[\"Droit\",\"Yassine Yakouti\"],\"articleSection\":[\"Droit\",\"Justice\"],\"inLanguage\":\"fr-FR\",\"potentialAction\":[{\"@type\":\"CommentAction\",\"name\":\"Comment\",\"target\":[\"https:\\\/\\\/www.evadne.fr\\\/index.php\\\/2022\\\/10\\\/26\\\/yassine-yakouti-qui-se-soucie-du-droit-des-personnes-detenues\\\/#respond\"]}]},{\"@type\":\"WebPage\",\"@id\":\"https:\\\/\\\/www.evadne.fr\\\/index.php\\\/2022\\\/10\\\/26\\\/yassine-yakouti-qui-se-soucie-du-droit-des-personnes-detenues\\\/\",\"url\":\"https:\\\/\\\/www.evadne.fr\\\/index.php\\\/2022\\\/10\\\/26\\\/yassine-yakouti-qui-se-soucie-du-droit-des-personnes-detenues\\\/\",\"name\":\"Yassine Yakouti : \\\"Qui se soucie du droit des personnes d\u00e9tenues ?\\\" - Evadne\",\"isPartOf\":{\"@id\":\"https:\\\/\\\/www.evadne.fr\\\/#website\"},\"primaryImageOfPage\":{\"@id\":\"https:\\\/\\\/www.evadne.fr\\\/index.php\\\/2022\\\/10\\\/26\\\/yassine-yakouti-qui-se-soucie-du-droit-des-personnes-detenues\\\/#primaryimage\"},\"image\":{\"@id\":\"https:\\\/\\\/www.evadne.fr\\\/index.php\\\/2022\\\/10\\\/26\\\/yassine-yakouti-qui-se-soucie-du-droit-des-personnes-detenues\\\/#primaryimage\"},\"thumbnailUrl\":\"https:\\\/\\\/www.evadne.fr\\\/wp-content\\\/uploads\\\/2022\\\/10\\\/Yassine-Yakouti-nb.jpg\",\"datePublished\":\"2022-10-26T18:07:08+00:00\",\"dateModified\":\"2022-10-26T18:07:12+00:00\",\"author\":{\"@id\":\"https:\\\/\\\/www.evadne.fr\\\/#\\\/schema\\\/person\\\/2711bd0a592abfa9992063177ae2313b\"},\"description\":\"Pour Yassine Yakouti, le droit des personnes d\u00e9tenues se doit de \u00ab d\u00e9fendre de la m\u00eame mani\u00e8re n\u2019importe qui \u00bb.\",\"breadcrumb\":{\"@id\":\"https:\\\/\\\/www.evadne.fr\\\/index.php\\\/2022\\\/10\\\/26\\\/yassine-yakouti-qui-se-soucie-du-droit-des-personnes-detenues\\\/#breadcrumb\"},\"inLanguage\":\"fr-FR\",\"potentialAction\":[{\"@type\":\"ReadAction\",\"target\":[\"https:\\\/\\\/www.evadne.fr\\\/index.php\\\/2022\\\/10\\\/26\\\/yassine-yakouti-qui-se-soucie-du-droit-des-personnes-detenues\\\/\"]}]},{\"@type\":\"ImageObject\",\"inLanguage\":\"fr-FR\",\"@id\":\"https:\\\/\\\/www.evadne.fr\\\/index.php\\\/2022\\\/10\\\/26\\\/yassine-yakouti-qui-se-soucie-du-droit-des-personnes-detenues\\\/#primaryimage\",\"url\":\"https:\\\/\\\/www.evadne.fr\\\/wp-content\\\/uploads\\\/2022\\\/10\\\/Yassine-Yakouti-nb.jpg\",\"contentUrl\":\"https:\\\/\\\/www.evadne.fr\\\/wp-content\\\/uploads\\\/2022\\\/10\\\/Yassine-Yakouti-nb.jpg\",\"width\":400,\"height\":400,\"caption\":\"Qui est Yassine Yakouti\"},{\"@type\":\"BreadcrumbList\",\"@id\":\"https:\\\/\\\/www.evadne.fr\\\/index.php\\\/2022\\\/10\\\/26\\\/yassine-yakouti-qui-se-soucie-du-droit-des-personnes-detenues\\\/#breadcrumb\",\"itemListElement\":[{\"@type\":\"ListItem\",\"position\":1,\"name\":\"Home\",\"item\":\"https:\\\/\\\/www.evadne.fr\\\/\"},{\"@type\":\"ListItem\",\"position\":2,\"name\":\"Yassine Yakouti : &#8220;Qui se soucie du droit des personnes d\u00e9tenues ?&#8221;\"}]},{\"@type\":\"WebSite\",\"@id\":\"https:\\\/\\\/www.evadne.fr\\\/#website\",\"url\":\"https:\\\/\\\/www.evadne.fr\\\/\",\"name\":\"Evadne\",\"description\":\"Le plaisir de lire\",\"potentialAction\":[{\"@type\":\"SearchAction\",\"target\":{\"@type\":\"EntryPoint\",\"urlTemplate\":\"https:\\\/\\\/www.evadne.fr\\\/?s={search_term_string}\"},\"query-input\":{\"@type\":\"PropertyValueSpecification\",\"valueRequired\":true,\"valueName\":\"search_term_string\"}}],\"inLanguage\":\"fr-FR\"},{\"@type\":\"Person\",\"@id\":\"https:\\\/\\\/www.evadne.fr\\\/#\\\/schema\\\/person\\\/2711bd0a592abfa9992063177ae2313b\",\"name\":\"Sophie Philae\",\"image\":{\"@type\":\"ImageObject\",\"inLanguage\":\"fr-FR\",\"@id\":\"https:\\\/\\\/secure.gravatar.com\\\/avatar\\\/3130cf3f4419732c57ae57defc851bb428347383818ed469060527c72db27a7f?s=96&d=mm&r=g\",\"url\":\"https:\\\/\\\/secure.gravatar.com\\\/avatar\\\/3130cf3f4419732c57ae57defc851bb428347383818ed469060527c72db27a7f?s=96&d=mm&r=g\",\"contentUrl\":\"https:\\\/\\\/secure.gravatar.com\\\/avatar\\\/3130cf3f4419732c57ae57defc851bb428347383818ed469060527c72db27a7f?s=96&d=mm&r=g\",\"caption\":\"Sophie Philae\"},\"url\":\"https:\\\/\\\/www.evadne.fr\\\/index.php\\\/author\\\/seo\\\/\"}]}<\/script>\n<!-- \/ Yoast SEO plugin. -->","yoast_head_json":{"title":"Yassine Yakouti : \"Qui se soucie du droit des personnes d\u00e9tenues ?\" - Evadne","description":"Pour Yassine Yakouti, le droit des personnes d\u00e9tenues se doit de \u00ab d\u00e9fendre de la m\u00eame mani\u00e8re n\u2019importe qui \u00bb.","robots":{"index":"index","follow":"follow","max-snippet":"max-snippet:-1","max-image-preview":"max-image-preview:large","max-video-preview":"max-video-preview:-1"},"canonical":"https:\/\/www.evadne.fr\/index.php\/2022\/10\/26\/yassine-yakouti-qui-se-soucie-du-droit-des-personnes-detenues\/","og_locale":"fr_FR","og_type":"article","og_title":"Yassine Yakouti : \"Qui se soucie du droit des personnes d\u00e9tenues ?\" - Evadne","og_description":"Pour Yassine Yakouti, le droit des personnes d\u00e9tenues se doit de \u00ab d\u00e9fendre de la m\u00eame mani\u00e8re n\u2019importe qui \u00bb.","og_url":"https:\/\/www.evadne.fr\/index.php\/2022\/10\/26\/yassine-yakouti-qui-se-soucie-du-droit-des-personnes-detenues\/","og_site_name":"Evadne","article_published_time":"2022-10-26T18:07:08+00:00","article_modified_time":"2022-10-26T18:07:12+00:00","og_image":[{"width":400,"height":400,"url":"https:\/\/www.evadne.fr\/wp-content\/uploads\/2022\/10\/Yassine-Yakouti-nb.jpg","type":"image\/jpeg"}],"author":"Sophie Philae","twitter_card":"summary_large_image","twitter_misc":{"\u00c9crit par":"Sophie Philae","Dur\u00e9e de lecture estim\u00e9e":"6 minutes"},"schema":{"@context":"https:\/\/schema.org","@graph":[{"@type":"Article","@id":"https:\/\/www.evadne.fr\/index.php\/2022\/10\/26\/yassine-yakouti-qui-se-soucie-du-droit-des-personnes-detenues\/#article","isPartOf":{"@id":"https:\/\/www.evadne.fr\/index.php\/2022\/10\/26\/yassine-yakouti-qui-se-soucie-du-droit-des-personnes-detenues\/"},"author":{"name":"Sophie Philae","@id":"https:\/\/www.evadne.fr\/#\/schema\/person\/2711bd0a592abfa9992063177ae2313b"},"headline":"Yassine Yakouti : &#8220;Qui se soucie du droit des personnes d\u00e9tenues ?&#8221;","datePublished":"2022-10-26T18:07:08+00:00","dateModified":"2022-10-26T18:07:12+00:00","mainEntityOfPage":{"@id":"https:\/\/www.evadne.fr\/index.php\/2022\/10\/26\/yassine-yakouti-qui-se-soucie-du-droit-des-personnes-detenues\/"},"wordCount":1170,"commentCount":0,"image":{"@id":"https:\/\/www.evadne.fr\/index.php\/2022\/10\/26\/yassine-yakouti-qui-se-soucie-du-droit-des-personnes-detenues\/#primaryimage"},"thumbnailUrl":"https:\/\/www.evadne.fr\/wp-content\/uploads\/2022\/10\/Yassine-Yakouti-nb.jpg","keywords":["Droit","Yassine Yakouti"],"articleSection":["Droit","Justice"],"inLanguage":"fr-FR","potentialAction":[{"@type":"CommentAction","name":"Comment","target":["https:\/\/www.evadne.fr\/index.php\/2022\/10\/26\/yassine-yakouti-qui-se-soucie-du-droit-des-personnes-detenues\/#respond"]}]},{"@type":"WebPage","@id":"https:\/\/www.evadne.fr\/index.php\/2022\/10\/26\/yassine-yakouti-qui-se-soucie-du-droit-des-personnes-detenues\/","url":"https:\/\/www.evadne.fr\/index.php\/2022\/10\/26\/yassine-yakouti-qui-se-soucie-du-droit-des-personnes-detenues\/","name":"Yassine Yakouti : \"Qui se soucie du droit des personnes d\u00e9tenues ?\" - Evadne","isPartOf":{"@id":"https:\/\/www.evadne.fr\/#website"},"primaryImageOfPage":{"@id":"https:\/\/www.evadne.fr\/index.php\/2022\/10\/26\/yassine-yakouti-qui-se-soucie-du-droit-des-personnes-detenues\/#primaryimage"},"image":{"@id":"https:\/\/www.evadne.fr\/index.php\/2022\/10\/26\/yassine-yakouti-qui-se-soucie-du-droit-des-personnes-detenues\/#primaryimage"},"thumbnailUrl":"https:\/\/www.evadne.fr\/wp-content\/uploads\/2022\/10\/Yassine-Yakouti-nb.jpg","datePublished":"2022-10-26T18:07:08+00:00","dateModified":"2022-10-26T18:07:12+00:00","author":{"@id":"https:\/\/www.evadne.fr\/#\/schema\/person\/2711bd0a592abfa9992063177ae2313b"},"description":"Pour Yassine Yakouti, le droit des personnes d\u00e9tenues se doit de \u00ab d\u00e9fendre de la m\u00eame mani\u00e8re n\u2019importe qui \u00bb.","breadcrumb":{"@id":"https:\/\/www.evadne.fr\/index.php\/2022\/10\/26\/yassine-yakouti-qui-se-soucie-du-droit-des-personnes-detenues\/#breadcrumb"},"inLanguage":"fr-FR","potentialAction":[{"@type":"ReadAction","target":["https:\/\/www.evadne.fr\/index.php\/2022\/10\/26\/yassine-yakouti-qui-se-soucie-du-droit-des-personnes-detenues\/"]}]},{"@type":"ImageObject","inLanguage":"fr-FR","@id":"https:\/\/www.evadne.fr\/index.php\/2022\/10\/26\/yassine-yakouti-qui-se-soucie-du-droit-des-personnes-detenues\/#primaryimage","url":"https:\/\/www.evadne.fr\/wp-content\/uploads\/2022\/10\/Yassine-Yakouti-nb.jpg","contentUrl":"https:\/\/www.evadne.fr\/wp-content\/uploads\/2022\/10\/Yassine-Yakouti-nb.jpg","width":400,"height":400,"caption":"Qui est Yassine Yakouti"},{"@type":"BreadcrumbList","@id":"https:\/\/www.evadne.fr\/index.php\/2022\/10\/26\/yassine-yakouti-qui-se-soucie-du-droit-des-personnes-detenues\/#breadcrumb","itemListElement":[{"@type":"ListItem","position":1,"name":"Home","item":"https:\/\/www.evadne.fr\/"},{"@type":"ListItem","position":2,"name":"Yassine Yakouti : &#8220;Qui se soucie du droit des personnes d\u00e9tenues ?&#8221;"}]},{"@type":"WebSite","@id":"https:\/\/www.evadne.fr\/#website","url":"https:\/\/www.evadne.fr\/","name":"Evadne","description":"Le plaisir de lire","potentialAction":[{"@type":"SearchAction","target":{"@type":"EntryPoint","urlTemplate":"https:\/\/www.evadne.fr\/?s={search_term_string}"},"query-input":{"@type":"PropertyValueSpecification","valueRequired":true,"valueName":"search_term_string"}}],"inLanguage":"fr-FR"},{"@type":"Person","@id":"https:\/\/www.evadne.fr\/#\/schema\/person\/2711bd0a592abfa9992063177ae2313b","name":"Sophie Philae","image":{"@type":"ImageObject","inLanguage":"fr-FR","@id":"https:\/\/secure.gravatar.com\/avatar\/3130cf3f4419732c57ae57defc851bb428347383818ed469060527c72db27a7f?s=96&d=mm&r=g","url":"https:\/\/secure.gravatar.com\/avatar\/3130cf3f4419732c57ae57defc851bb428347383818ed469060527c72db27a7f?s=96&d=mm&r=g","contentUrl":"https:\/\/secure.gravatar.com\/avatar\/3130cf3f4419732c57ae57defc851bb428347383818ed469060527c72db27a7f?s=96&d=mm&r=g","caption":"Sophie Philae"},"url":"https:\/\/www.evadne.fr\/index.php\/author\/seo\/"}]}},"jetpack_publicize_connections":[],"jetpack_featured_media_url":"https:\/\/www.evadne.fr\/wp-content\/uploads\/2022\/10\/Yassine-Yakouti-nb.jpg","jetpack_sharing_enabled":true,"_links":{"self":[{"href":"https:\/\/www.evadne.fr\/index.php\/wp-json\/wp\/v2\/posts\/202","targetHints":{"allow":["GET"]}}],"collection":[{"href":"https:\/\/www.evadne.fr\/index.php\/wp-json\/wp\/v2\/posts"}],"about":[{"href":"https:\/\/www.evadne.fr\/index.php\/wp-json\/wp\/v2\/types\/post"}],"author":[{"embeddable":true,"href":"https:\/\/www.evadne.fr\/index.php\/wp-json\/wp\/v2\/users\/1"}],"replies":[{"embeddable":true,"href":"https:\/\/www.evadne.fr\/index.php\/wp-json\/wp\/v2\/comments?post=202"}],"version-history":[{"count":0,"href":"https:\/\/www.evadne.fr\/index.php\/wp-json\/wp\/v2\/posts\/202\/revisions"}],"wp:featuredmedia":[{"embeddable":true,"href":"https:\/\/www.evadne.fr\/index.php\/wp-json\/wp\/v2\/media\/203"}],"wp:attachment":[{"href":"https:\/\/www.evadne.fr\/index.php\/wp-json\/wp\/v2\/media?parent=202"}],"wp:term":[{"taxonomy":"category","embeddable":true,"href":"https:\/\/www.evadne.fr\/index.php\/wp-json\/wp\/v2\/categories?post=202"},{"taxonomy":"post_tag","embeddable":true,"href":"https:\/\/www.evadne.fr\/index.php\/wp-json\/wp\/v2\/tags?post=202"}],"curies":[{"name":"wp","href":"https:\/\/api.w.org\/{rel}","templated":true}]}}